{"id":350,"date":"2017-03-22T12:26:11","date_gmt":"2017-03-22T12:26:11","guid":{"rendered":"http:\/\/www.airfsabugueiro.pt\/?p=350"},"modified":"2023-11-15T11:11:54","modified_gmt":"2023-11-15T11:11:54","slug":"assembleia-geral-2017","status":"publish","type":"post","link":"https:\/\/www.airfsabugueiro.pt\/index.php\/2017\/03\/22\/assembleia-geral-2017\/","title":{"rendered":"Assembleia Geral 2017 e Relat\u00f3rio de Contas"},"content":{"rendered":"<p><a href=\"https:\/\/www.airfsabugueiro.pt\/wp-content\/uploads\/2017\/03\/Scan00273-1.pdf\">Assembleia Geral 2017<\/a><\/p>\n<p><a href=\"https:\/\/www.airfsabugueiro.pt\/wp-content\/uploads\/2017\/03\/Anexo-\u00e0s-Demonstra\u00e7\u00f5es-Finaceiras-2017-compactado.pdf\">Anexo \u00e0s Demonstra\u00e7\u00f5es Finaceiras 2017-compactado<\/a><\/p>\n<p><a href=\"https:\/\/www.airfsabugueiro.pt\/wp-content\/uploads\/2017\/03\/Balan\u00e7o-2017-compactado.pdf\">Balan\u00e7o 2017-compactado<\/a><\/p>\n<p><a href=\"https:\/\/www.airfsabugueiro.pt\/wp-content\/uploads\/2017\/03\/DEMONSTRA\u00c7\u00c3O-DOS-RESULTADOS-POR-NATUREZAS-2017_compressed.pdf\">DEMONSTRA\u00c7\u00c3O DOS RESULTADOS POR NATUREZAS 2017_compressed<\/a><\/p>\n<p><a href=\"https:\/\/www.airfsabugueiro.pt\/wp-content\/uploads\/2017\/03\/Quadro-comparativo-2017_compressed.pdf\">Quadro comparativo 2017_compressed<\/a><\/p>\n<p><a href=\"https:\/\/www.airfsabugueiro.pt\/wp-content\/uploads\/2017\/03\/relatorio-2017_compressed.pdf\">relatorio 2017_compressed<\/a><\/p>","protected":false},"excerpt":{"rendered":"<p>Assembleia Geral 2017 Anexo \u00e0s Demonstra\u00e7\u00f5es Finaceiras 2017-compactado Balan\u00e7o 2017-compactado DEMONSTRA\u00c7\u00c3O DOS RESULTADOS POR NATUREZAS 2017_compressed Quadro comparativo 2017_compressed relatorio 2017_compressed<\/p>","protected":false},"author":2,"featured_media":337,"comment_status":"closed","ping_status":"closed","sticky":false,"template":"","format":"standard","meta":{"footnotes":""},"categories":[2,8],"tags":[],"_links":{"self":[{"href":"https:\/\/www.airfsabugueiro.pt\/index.php\/wp-json\/wp\/v2\/posts\/350"}],"collection":[{"href":"https:\/\/www.airfsabugueiro.pt\/index.php\/wp-json\/wp\/v2\/posts"}],"about":[{"href":"https:\/\/www.airfsabugueiro.pt\/index.php\/wp-json\/wp\/v2\/types\/post"}],"author":[{"embeddable":true,"href":"https:\/\/www.airfsabugueiro.pt\/index.php\/wp-json\/wp\/v2\/users\/2"}],"replies":[{"embeddable":true,"href":"https:\/\/www.airfsabugueiro.pt\/index.php\/wp-json\/wp\/v2\/comments?post=350"}],"version-history":[{"count":3,"href":"https:\/\/www.airfsabugueiro.pt\/index.php\/wp-json\/wp\/v2\/posts\/350\/revisions"}],"predecessor-version":[{"id":565,"href":"https:\/\/www.airfsabugueiro.pt\/index.php\/wp-json\/wp\/v2\/posts\/350\/revisions\/565"}],"wp:featuredmedia":[{"embeddable":true,"href":"https:\/\/www.airfsabugueiro.pt\/index.php\/wp-json\/wp\/v2\/media\/337"}],"wp:attachment":[{"href":"https:\/\/www.airfsabugueiro.pt\/index.php\/wp-json\/wp\/v2\/media?parent=350"}],"wp:term":[{"taxonomy":"category","embeddable":true,"href":"https:\/\/www.airfsabugueiro.pt\/index.php\/wp-json\/wp\/v2\/categories?post=350"},{"taxonomy":"post_tag","embeddable":true,"href":"https:\/\/www.airfsabugueiro.pt\/index.php\/wp-json\/wp\/v2\/tags?post=350"}],"curies":[{"name":"wp","href":"https:\/\/api.w.org\/{rel}","templated":true}]}}